{"id":7722,"date":"2016-07-11T16:46:20","date_gmt":"2016-07-11T14:46:20","guid":{"rendered":"https:\/\/www.dogdeliver.com\/blog\/?p=7722"},"modified":"2016-07-11T16:46:20","modified_gmt":"2016-07-11T14:46:20","slug":"tagliare-la-coda-e-le-orecchie-ai-cani","status":"publish","type":"post","link":"https:\/\/www.dogdeliver.com\/blog\/2016\/07\/11\/tagliare-la-coda-e-le-orecchie-ai-cani\/","title":{"rendered":"Tagliare la coda e le orecchie ai cani"},"content":{"rendered":"<p style=\"text-align: justify;\">In Italia tagliare la coda e le orecchie dei cani per motivi non medici \u00e8 illegale e perseguibile legalmente.<\/p>\n<p style=\"text-align: justify;\">Ciononostante, capita ancora di incontrare cani con le orecchie e la coda tagliati, il che vuol dire che ci sono persone &#8211; proprietari, veterinari e allevatori (in senso lato) &#8211; che non si fermano di fronte a niente, nemmeno le mutilazioni, pur di ottenere l&#8217;aspetto desiderato nel cane.<\/p>\n<p style=\"text-align: justify;\">Cani e proprietari vivono e fanno parte di societ\u00e0 civili pi\u00f9 o meno articolate e come tutti gli altri sono oggetto di osservazione e valutazione da parte degli altri.<\/p>\n<p style=\"text-align: justify;\">Un gruppo di ricercatori si \u00e8 domandato se e se s\u00ec, come, l&#8217;aspetto del cane influisce sulla percezione e il giudizio che chi osserva sviluppa nei confronti del cane e dei suoi proprietari.<\/p>\n<p style=\"text-align: justify;\">Ne ha scritto <strong>Stanley Coren<\/strong>.<\/p>\n<p style=\"text-align: justify;\">Dalla ricerca \u00e8 emerso che le persone hanno un <strong>pregiudizio negativo<\/strong> nei confronti dei cani con le orecchie e la coda tagliate: li percepiscono come <strong>pi\u00f9 brutti<\/strong>, <strong>meno attraenti<\/strong>, <strong>pi\u00f9 aggressivi sia nei confronti delle persone che degli altri cani, pi\u00f9 violenti<\/strong> &#8211; sostanzialmente <strong>pi\u00f9 pericolosi<\/strong> dei cani integri.<\/p>\n<p style=\"text-align: justify;\">Non solo. Il giudizio negativo riguarda anche <strong>i proprietari dei cani con le orecchie e la coda tagliati<\/strong> che <strong>sono percepiti<\/strong> come\u00a0<strong>meno socievoli<\/strong>, <strong>pi\u00f9 litigiosi,\u00a0<\/strong><strong>meno disponibili,<\/strong> <strong>pi\u00f9 aggressivi<\/strong>, <strong>pi\u00f9 freddi<\/strong>, <strong>pi\u00f9 distaccati<\/strong>, <strong>meno comunicativi e pi\u00f9 narcisisti <\/strong>dei proprietari dei cani integri.<\/p>\n<p style=\"text-align: justify;\">Non \u00e8 chiaro il perch\u00e8 di questa percezione e tra le varie ipotesi c&#8217;\u00e8 che le mutilazioni sui cani sono tradizionalmente associate a <strong>forza, durezza e combattivit\u00e0<\/strong> (coda e orecchie tagliati sono generalmente dei <strong>cani da guardia, da caccia e da difesa<\/strong>) per cui quando si vede qualcuno con un cane con orecchie e coda tagliate gli si attribuiscono automaticamente quelle caratteristiche negative.<\/p>\n<p style=\"text-align: justify;\">Un ulteriore tassello a questo complicato aspetto dellarelazione umano-canina e della societ\u00e0 in generale \u00e8 dato dalla scoperta che esiste effettivamente una relazione tra la personalit\u00e0 del proprietario e il tipo di cane che sceglie e che certi tipi di persone tendono a scegliere certi tipi di cane (ne abbiamo scritto\u00a0<strong><a title=\"proprietari cani di razze aggressive\" href=\"https:\/\/www.dogdeliver.com\/blog\/2016\/03\/24\/come-sono-i-proprietari-che-scelgono-cani-di-razze-aggressive\/\" target=\"_blank\">qui<\/a><\/strong>).<\/p>\n","protected":false},"excerpt":{"rendered":"<p>Cosa dicono le apparenze<\/p>\n","protected":false},"author":2,"featured_media":7723,"comment_status":"closed","ping_status":"open","sticky":false,"template":"","format":"standard","meta":{"footnotes":""},"categories":[797],"tags":[643,298,852,356,320],"class_list":["post-7722","post","type-post","status-publish","format-standard","has-post-thumbnail","hentry","category-educazione-cinofila","tag-aggressivita","tag-cani","tag-percezione","tag-personalita","tag-proprietari"],"aioseo_notices":[],"_links":{"self":[{"href":"https:\/\/www.dogdeliver.com\/blog\/wp-json\/wp\/v2\/posts\/7722","targetHints":{"allow":["GET"]}}],"collection":[{"href":"https:\/\/www.dogdeliver.com\/blog\/wp-json\/wp\/v2\/posts"}],"about":[{"href":"https:\/\/www.dogdeliver.com\/blog\/wp-json\/wp\/v2\/types\/post"}],"author":[{"embeddable":true,"href":"https:\/\/www.dogdeliver.com\/blog\/wp-json\/wp\/v2\/users\/2"}],"replies":[{"embeddable":true,"href":"https:\/\/www.dogdeliver.com\/blog\/wp-json\/wp\/v2\/comments?post=7722"}],"version-history":[{"count":0,"href":"https:\/\/www.dogdeliver.com\/blog\/wp-json\/wp\/v2\/posts\/7722\/revisions"}],"wp:featuredmedia":[{"embeddable":true,"href":"https:\/\/www.dogdeliver.com\/blog\/wp-json\/wp\/v2\/media\/7723"}],"wp:attachment":[{"href":"https:\/\/www.dogdeliver.com\/blog\/wp-json\/wp\/v2\/media?parent=7722"}],"wp:term":[{"taxonomy":"category","embeddable":true,"href":"https:\/\/www.dogdeliver.com\/blog\/wp-json\/wp\/v2\/categories?post=7722"},{"taxonomy":"post_tag","embeddable":true,"href":"https:\/\/www.dogdeliver.com\/blog\/wp-json\/wp\/v2\/tags?post=7722"}],"curies":[{"name":"wp","href":"https:\/\/api.w.org\/{rel}","templated":true}]}}