{"id":24388,"date":"2022-10-13T15:08:36","date_gmt":"2022-10-13T13:08:36","guid":{"rendered":"https:\/\/www.dogdeliver.com\/blog\/?p=24388"},"modified":"2022-10-14T16:26:52","modified_gmt":"2022-10-14T14:26:52","slug":"cane-anziano-udito-declino","status":"publish","type":"post","link":"https:\/\/www.dogdeliver.com\/blog\/2022\/10\/13\/cane-anziano-udito-declino\/","title":{"rendered":"Cani anziani: perdita dell&#8217;udito e declino cognitivo"},"content":{"rendered":"\n<p class=\"has-drop-cap\">Anche i cani, come gli umani, hanno diverse fasi dell&#8217;et\u00e0; ecco quindi l&#8217;infanzia e l&#8217;<a href=\"https:\/\/www.dogdeliver.com\/blog\/2017\/07\/18\/leta-dei-cani-ladolescenza\/\" target=\"_blank\" rel=\"noopener\" title=\"\">adolescenza<\/a>, l&#8217;et\u00e0 adulta e la <a href=\"https:\/\/www.dogdeliver.com\/blog\/2016\/03\/22\/il-cane-anziano\/\" target=\"_blank\" rel=\"noopener\" title=\"\">terza et\u00e0<\/a> che sono molto pi\u00f9 concentrate nel tempo e di durata un po&#8217; diversa rispetto agli umani ma di fatto sono le stesse e hanno anche caratteristiche molto simili<\/p>\n\n\n\n<p>Alla terza et\u00e0, che \u00e8 il periodo su cui ci soffermiamo oggi, arrivano in quello che alla fine \u00e8 un soffio o poco pi\u00f9. <\/p>\n\n\n\n<h2 class=\"wp-block-heading\">La terza et\u00e0 <\/h2>\n\n\n\n<p><a href=\"https:\/\/www.dogdeliver.com\/blog\/2019\/03\/19\/problemi-di-salute-comuni-nei-cani-anziani\/\" target=\"_blank\" rel=\"noopener\" title=\"\">Il cane anziano ha caratteristiche ed esigenze molto simili a quelle dell&#8217;umano anziano<\/a>: sente e soffre maggiormente le temperature, sia il caldo sia il freddo, ha andatura anomale, soffre di dolori osteoarticolari, ha problemi di memoria, le capacit\u00e0 mentali si riducono, si abbassa la vista, si abbassa l&#8217;udito e c&#8217;\u00e8 il rischio di demenza senile, in quella che viene chiamata <a href=\"https:\/\/www.dogdeliver.com\/blog\/2021\/09\/03\/la-sindrome-da-disfunzione-cognitiva-nei-cani\/\" target=\"_blank\" rel=\"noopener\" title=\"\">sindrome da disfunzione cognitiva<\/a>.  <\/p>\n\n\n\n<h2 class=\"wp-block-heading\">La sindrome da disfunzione cognitiva<\/h2>\n\n\n\n<p>Ci sono diversi fattori all&#8217;origine della malattia e non esiste una cura; il meglio che si pu\u00f2 fare, proprio come per gli umani, \u00e8 cercare di prevenirne l&#8217;insorgere con una vita sana e attiva in cui mente e corpo sono adeguatamente e correttamente stimolati e tenuti attivi anche nella terza et\u00e0 e in cui la alimentazione \u00e8 corretta e di ottima qualit\u00e0.<\/p>\n\n\n\n<h2 class=\"wp-block-heading\">I segni della sindrome da disfunzione cognitiva<\/h2>\n\n\n\n<p>I segnali che possono far sospettare che il cane soffre di sindrome da disfunzione cognitiva sono diversi. Tra questi: disorientamento in ambienti noti, difficolt\u00e0 a riconoscere persone e animali familiari, difficolt\u00e0 a riconocere richieste, a fare cose note, cicli alterati di sonno-veglia. <\/p>\n\n\n\n<h2 class=\"wp-block-heading\">Difficolt\u00e0 di udito<\/h2>\n\n\n\n<p>Come vedevamo prima, i cani, proprio come gli umani, con l&#8217;avanzare dell&#8217;et\u00e0 soffrono dell&#8217;abbassamento progressivo dell&#8217;udito &#8211; si sa che mediamente i problemi insorgono tra gli 8 e i 10 anni ed iniziano con le alte frequenze seguite dalle medie frequenze.<\/p>\n\n\n\n<h2 class=\"wp-block-heading\">Udito e declino cognitivo negli umani<\/h2>\n\n\n\n<p>Negli umani circa un terzo delle persone oltre i 65 anni soffre di riduzione dell&#8217;udito ed \u00e8 noto che la perdita dell&#8217;udito \u00e8 associata ad un maggiore rischio di sviluppare la demenza: \u00e8 stato stimato che il tasso di declino cognitivo \u00e8 del 40% pi\u00f9 veloce in chi ha problemi di udito.<\/p>\n\n\n\n<p>Un motivo per cui si ipotizza la connessione tra problemi di udito e declino cognitivo \u00e8 che l&#8217;interpretazione dei suoni e molto del processamento cognitivo avvengono nelle stesse aree del cervello, il lobo temporale del cervello processa le informazioni uditive e immagazzina la memoria a breve termine ed infatti spesso \u00e8 la prima area ad essere toccata dall&#8217;Alzheimer. <\/p>\n\n\n\n<p>L&#8217;ipotesi \u00e8 che l&#8217;abbassamento dell&#8217;udito porti ad un deterioramento progressivo di questa regione del cervello che non dovendo pi\u00f9 lavorare per interpretare i suoni si restringe, le cellule corticali muoiono e di fatto smette di funzionare.    <\/p>\n\n\n\n<h2 class=\"wp-block-heading\">La ricerca<\/h2>\n\n\n\n<p>Vista la somiglianza tra i cani e gli umani, un gruppo di ricercatori statunitensi ha voluto indagare se anche nei cani la riduzione dell&#8217;udito \u00e8 associata al declino cognitivo. <\/p>\n\n\n\n<p>Il loro studio dal titolo <a href=\"https:\/\/onlinelibrary.wiley.com\/doi\/full\/10.1111\/jvim.16510\" target=\"_blank\" rel=\"noopener\" title=\"\"><em>Relationship between hearing, cognitive function, and quality of life in aging companion dogs<\/em><\/a> \u00e8 stato pubblicato recentemente sulla rivista Journal of Veterinary Internal Medicine. <\/p>\n\n\n\n<h2 class=\"wp-block-heading\">Udito e declino cognitivo nei cani<\/h2>\n\n\n\n<p>Dallo studio \u00e8 emerso un chiaro legame tra perdita dell&#8217;udito e declino cognitivo. <\/p>\n\n\n\n<p>Tra i cani <strong>con udito normale<\/strong>, il 61% non aveva alcun sintomo di declino cognitivo, il 31% aveva qualche sintomo e il 5% aveva segni moderati di declino cognitivo.<\/p>\n\n\n\n<p>I numeri cambiano in modo significativo gi\u00e0 quando la perdita dell&#8217;udito \u00e8 moderata: appena il 25% non aveva sintomi di declino cognitivo e ben la met\u00e0 (il 50%) mostrava segni moderati di demenza.<\/p>\n\n\n\n<p>Nel gruppo di cani con una perdita dell&#8217;udito importante i numeri sono ancora pi\u00f9 rilevanti: lo 0% &#8211; nessun cane &#8211; era privo di sintomi di demenza; il 38% aveva sintomi moderati ed il 50% aveva livelli severi di demenza. <\/p>\n\n\n\n<h2 class=\"wp-block-heading\">Cosa si pu\u00f2 fare<\/h2>\n\n\n\n<p>Negli umani la perdita dell&#8217;udito \u00e8 uno dei rischi maggiori per lo sviluppo della demenza e i dati sembrano rivelare che lo stesso \u00e8 per i cani. <\/p>\n\n\n\n<p>Per le persone, l&#8217;uso di apparecchi acustici si ritiene aiuti a ritardare o addirittura prevenire la demenza e comunque prevenire un declino cognitivo serio e lo stesso potrebbe essere fatto per i cani. <\/p>\n\n\n\n<p>Per ovviare al problema degli apparecchi, che i cani \u00e8 molto difficile che tollererebbero, i ricercatori ipotizzano che una soluzione potrebbe venire dagli apparecchi implantabili. <\/p>\n","protected":false},"excerpt":{"rendered":"<p>Anche i cani, come gli umani, hanno diverse fasi dell&#8217;et\u00e0; ecco quindi l&#8217;infanzia e l&#8217;adolescenza, l&#8217;et\u00e0 adulta e la terza et\u00e0 che sono molto pi\u00f9 concentrate nel tempo e di durata un po&#8217; diversa rispetto agli umani ma di fatto&#8230;<\/p>\n","protected":false},"author":2,"featured_media":24389,"comment_status":"closed","ping_status":"closed","sticky":false,"template":"","format":"standard","meta":{"footnotes":""},"categories":[798],"tags":[1804,314,316,655,298,1800,1801,299,656,767,603],"class_list":["post-24388","post","type-post","status-publish","format-standard","has-post-thumbnail","hentry","category-vita-con-cane","tag-alzheimer","tag-benessere","tag-cane","tag-cane-anziano","tag-cani","tag-declino-cognitivo","tag-demenza-senile","tag-salute","tag-terza-eta","tag-udito","tag-umani"],"aioseo_notices":[],"_links":{"self":[{"href":"https:\/\/www.dogdeliver.com\/blog\/wp-json\/wp\/v2\/posts\/24388","targetHints":{"allow":["GET"]}}],"collection":[{"href":"https:\/\/www.dogdeliver.com\/blog\/wp-json\/wp\/v2\/posts"}],"about":[{"href":"https:\/\/www.dogdeliver.com\/blog\/wp-json\/wp\/v2\/types\/post"}],"author":[{"embeddable":true,"href":"https:\/\/www.dogdeliver.com\/blog\/wp-json\/wp\/v2\/users\/2"}],"replies":[{"embeddable":true,"href":"https:\/\/www.dogdeliver.com\/blog\/wp-json\/wp\/v2\/comments?post=24388"}],"version-history":[{"count":0,"href":"https:\/\/www.dogdeliver.com\/blog\/wp-json\/wp\/v2\/posts\/24388\/revisions"}],"wp:featuredmedia":[{"embeddable":true,"href":"https:\/\/www.dogdeliver.com\/blog\/wp-json\/wp\/v2\/media\/24389"}],"wp:attachment":[{"href":"https:\/\/www.dogdeliver.com\/blog\/wp-json\/wp\/v2\/media?parent=24388"}],"wp:term":[{"taxonomy":"category","embeddable":true,"href":"https:\/\/www.dogdeliver.com\/blog\/wp-json\/wp\/v2\/categories?post=24388"},{"taxonomy":"post_tag","embeddable":true,"href":"https:\/\/www.dogdeliver.com\/blog\/wp-json\/wp\/v2\/tags?post=24388"}],"curies":[{"name":"wp","href":"https:\/\/api.w.org\/{rel}","templated":true}]}}