{"id":1188,"date":"2014-04-03T17:50:41","date_gmt":"2014-04-03T15:50:41","guid":{"rendered":"http:\/\/dogdeliver.com\/blog\/?p=1188"},"modified":"2017-12-15T14:53:50","modified_gmt":"2017-12-15T13:53:50","slug":"quante-falsita-si-raccontanto-sui-cani","status":"publish","type":"post","link":"https:\/\/www.dogdeliver.com\/blog\/2014\/04\/03\/quante-falsita-si-raccontanto-sui-cani\/","title":{"rendered":"Quante falsit\u00e0 si raccontanto sui cani"},"content":{"rendered":"<p style=\"text-align: justify;\">ll nostro Eduard era meraviglioso e adorava gli umani, appena ne vedeva uno che gli dava un po\u2019 di attenzioni prima gli si appoggiava con tutto il corpo alle gambe e poi si stendeva per terra a pancia in su per farsi accarezzare.<\/p>\n<p style=\"text-align: justify;\">Ha sempre ricevuto con immenso piacere le attenzioni che gli venivano date ma non le ha mai cercate, ad esempio non \u00e8 mai saltato addosso a nessuno.\u00a0 Se qualcuno non lo guardava invece, tirava dritto. Non si \u00e8 mai girato nemmeno a guardare chi gli passava vicino a meno che non si fermassero per accarezzarlo.<\/p>\n<p style=\"text-align: justify;\">Eppure quando eravamo a Roma ci \u00e8 capitato tantissime volte di incrociare persone che sibilavano \u2018la museruola! al cane la museruola!, oppure che saltavano come se avessero visto un leone al guinzaglio, oppure che incrociandoci iniziavano a strisciare contro i muri oppure, ancora pi\u00f9 strano, signore che appena lo vedevano si stringevano al petto la borsetta e acceleravano il passo come se fossimo l\u00ec per rapinarle.<\/p>\n<p style=\"text-align: justify;\">Eduard era un meticcio di terranova e pastore belga che oltre alla straordinaria pacatezza, aveva un muso dolcissimo, occhi marroni molto melanconici e una splendida, folta e morbidissima pelliccia. In poche parole, un peluche in formato grande.<\/p>\n<p style=\"text-align: justify;\">Il cane era indifferente alle villanie degli umani che incrociavamo ma la sua umana no e il sangue le ribolliva ogni volta che assisteva a questi comportamenti assurdi.<\/p>\n<p style=\"text-align: justify;\">E poi con sconcerto abbiamo scoperto la verit\u00e0 sulla colpa di Eduard: <strong>era nero<\/strong> e la gente ha spontaneamente un\u2019opinione negativa nei confronti dei cani scuri.<\/p>\n<p style=\"text-align: justify;\"><strong>Anche a livello inconscio i cani di pelo scuro sono associati ad aggressivit\u00e0 e cattiveria, pericolo in generale<\/strong>.<\/p>\n<p style=\"text-align: justify;\">Una conseguenza serissima \u00e8 che i cani neri hanno molte pi\u00f9 difficolt\u00e0 ad essere adottati di quelli di altro colore, per cui rimangono nei canili molto pi\u00f9 a lungo e hanno molte pi\u00f9 probabilit\u00e0 di \u2018finire male\u2019 dei loro simili di colore chiaro.<\/p>\n<p style=\"text-align: justify;\">Pazzesco in assoluto. Incredibile se si pensa che tre razze di cani tra le pi\u00f9 dolci che esistano, terranova, flat coated e labrador, sono nere. Incomprensbile se si pensa ad esempio che il rischio di essere morsi da un jack russel, piccolo e bianco, \u00e8 molto molto pi\u00f9 elevato di quello di essere morsi da un terranova, un flat coated o un labrador, grandi e neri.<\/p>\n<p style=\"text-align: justify;\">Viene spontaneo chiedersi se si pu\u00f2 fare qualcosa per contrastare questo fenomeno, e altri egualmente insensati.<\/p>\n<p style=\"text-align: justify;\">Secondo dati recenti, <strong>c\u2019\u00e8 almeno un cane nella maggioranza delle famiglie italiane<\/strong>, e con alcune rarissime eccezioni, <strong>il livello di ignoranza, cattiva informazione e cattiva gestione per quello che li riguarda<\/strong> \u2013 dai ministeri\u00a0 alle amministrazioni comunali passando per tutto ci\u00f2 che c\u2019\u00e8 in mezzo di pubblico e di privato \u2013 <strong>\u00e8 scandoloso<\/strong>.<\/p>\n<p style=\"text-align: justify;\">Che piaccia o no al 43,4% che non li ha, <strong>i cani fanno parte della vita del Paese<\/strong> e non \u00e8 ostracizzando loro e i loro padroni, reprimendone la libert\u00e0 di movimento, emanando liste di \u2018cani pericolosi\u2019, imponendo divieti e vincoli di ogni genere, che si pongono le basi per una <strong>serena e civile convivenza<\/strong>.<\/p>\n<p style=\"text-align: justify;\">Quello che serve \u00e8 <strong>una corretta educazione a tappeto di tutta la popolazione sui cani e la loro vita con gli umani<\/strong>.<\/p>\n<p style=\"text-align: justify;\"><strong>Per chi li ha e chi li desidera, perch\u00e8 impari a gestire un compagno di vita che deve convivere con gli uomini secondo le loro regole pur avendone altre di natura.<\/strong><\/p>\n<p style=\"text-align: justify;\"><strong>Per quelli che li disprezzano<\/strong>, perch\u00e8 ormai sono in minoranza e non possono pi\u00f9 permettersi di credere che i cani sono cattivi perch\u00e8 sono neri, o sono buoni perch\u00e8 sono piccoli, o che vanno tenuti lontano perch\u00e8 portano malattie, o che vanno chiusi in gabbia perch\u00e8 mordono, e tutte le altre follie che raccontano.<\/p>\n<p style=\"text-align: justify;\">Chiudiamo con una delle tante scene molto spiacevoli a cui abbiamo assistito e che ci ha particolarmente colpito: una madre che per placare il figlio capriccioso lo minacciava che se non la smetteva il cane che gli stava passando vicino (e che si faceva bellamente i fatti suoi) lo avrebbe morso. E&#8217; successo a Milano qualche anno fa, ed \u00e8 stato cos\u00ec brutto che ce lo ricordiamo ancora come se fosse avvenuto stamattina.<\/p>\n","protected":false},"excerpt":{"rendered":"<p>I cani neri soffrono del pregiudizio degli umani molto pi\u00f9 dei cani di altri colori<\/p>\n","protected":false},"author":2,"featured_media":12132,"comment_status":"closed","ping_status":"closed","sticky":false,"template":"","format":"standard","meta":{"footnotes":""},"categories":[798],"tags":[425,298,1313,376,652,309,1074,612,883,357,1111,603],"class_list":["post-1188","post","type-post","status-publish","format-standard","has-post-thumbnail","hentry","category-vita-con-cane","tag-abbandono","tag-cani","tag-cani-neri","tag-canile","tag-comprensione","tag-comunicazione","tag-interazione","tag-pelo","tag-pregiudizi","tag-relazione","tag-sofferenza","tag-umani"],"aioseo_notices":[],"_links":{"self":[{"href":"https:\/\/www.dogdeliver.com\/blog\/wp-json\/wp\/v2\/posts\/1188","targetHints":{"allow":["GET"]}}],"collection":[{"href":"https:\/\/www.dogdeliver.com\/blog\/wp-json\/wp\/v2\/posts"}],"about":[{"href":"https:\/\/www.dogdeliver.com\/blog\/wp-json\/wp\/v2\/types\/post"}],"author":[{"embeddable":true,"href":"https:\/\/www.dogdeliver.com\/blog\/wp-json\/wp\/v2\/users\/2"}],"replies":[{"embeddable":true,"href":"https:\/\/www.dogdeliver.com\/blog\/wp-json\/wp\/v2\/comments?post=1188"}],"version-history":[{"count":0,"href":"https:\/\/www.dogdeliver.com\/blog\/wp-json\/wp\/v2\/posts\/1188\/revisions"}],"wp:featuredmedia":[{"embeddable":true,"href":"https:\/\/www.dogdeliver.com\/blog\/wp-json\/wp\/v2\/media\/12132"}],"wp:attachment":[{"href":"https:\/\/www.dogdeliver.com\/blog\/wp-json\/wp\/v2\/media?parent=1188"}],"wp:term":[{"taxonomy":"category","embeddable":true,"href":"https:\/\/www.dogdeliver.com\/blog\/wp-json\/wp\/v2\/categories?post=1188"},{"taxonomy":"post_tag","embeddable":true,"href":"https:\/\/www.dogdeliver.com\/blog\/wp-json\/wp\/v2\/tags?post=1188"}],"curies":[{"name":"wp","href":"https:\/\/api.w.org\/{rel}","templated":true}]}}